{"id":732,"date":"2021-10-06T17:11:36","date_gmt":"2021-10-06T17:11:36","guid":{"rendered":"https:\/\/xn--kemenesmagasiltalnosiskola-hfce.hu\/?p=732"},"modified":"2021-10-07T12:49:43","modified_gmt":"2021-10-07T12:49:43","slug":"oktober-6-megemlekezes-az-aradi-vertanukrol","status":"publish","type":"post","link":"https:\/\/xn--kemenesmagasiltalnosiskola-hfce.hu\/index.php\/2021\/10\/06\/oktober-6-megemlekezes-az-aradi-vertanukrol\/","title":{"rendered":"Okt\u00f3ber 6. &#8211; Megeml\u00e9kez\u00e9s az aradi v\u00e9rtan\u00fakr\u00f3l"},"content":{"rendered":"<p>1849. okt\u00f3ber 6-\u00e1n Aradon kiv\u00e9gezt\u00e9k az 1848-49-es szabads\u00e1gharc 13 t\u00e1bornok\u00e1t. M\u00e1rt\u00edrhal\u00e1luk az\u00f3ta jelk\u00e9pp\u00e9 v\u00e1lt.<\/p>\n<p>&#8222;Szabags\u00e1gharcunk let\u0171nt napvil\u00e1ga<\/p>\n<p>Te vak\u00edt\u00f3 nap a sz\u00e1zad del\u00e9n,<\/p>\n<p>Nem pazaroltad sugarad hi\u00e1ba<\/p>\n<p>B\u00e1r vak s\u00f6t\u00e9tbe halt az \u00e9gi f\u00e9ny.&#8221;<\/p>\n<p>Hagyom\u00e1ny, hogy ezen a napon a hetedik oszt\u00e1lyos gyerekek szerepl\u00e9s\u00e9vel megeml\u00e9kez\u00e9st tartunk a 13 aradi v\u00e9rtan\u00far\u00f3l.<\/p>\n<p>Az oszt\u00e1ly m\u0171sora m\u00e9lt\u00f3k\u00e9ppen felid\u00e9zte a szabads\u00e1gharc buk\u00e1sa ut\u00e1ni t\u00f6rt\u00e9n\u00e9seket.&nbsp;<\/p>\n<p>K\u00f6sz\u00f6nj\u00fck \u00e9s gratul\u00e1lunk a szerepl\u0151knek \u00e9s felk\u00e9sz\u00edt\u0151 tan\u00e1ruknak, Gelesits Marcell tan\u00e1r \u00farnak.<\/p>\n\n\n\t<div class='ngg-imagebrowser default-view'\n         id='ngg-imagebrowser-22ef56aa539e260cfb66857b0e6adca2-732'\n         data-nextgen-gallery-id=\"22ef56aa539e260cfb66857b0e6adca2\">\n\n        <h3>20211006_111638<\/h3>\n\n\t\t<div id=\"ngg-image-0\" class=\"pic\" >\n        \n        <a href='https:\/\/xn--kemenesmagasiltalnosiskola-hfce.hu\/wp-content\/gallery\/2021-oktober-6\/20211006_111638.jpg'\n           title=' '\n           data-src=\"https:\/\/xn--kemenesmagasiltalnosiskola-hfce.hu\/wp-content\/gallery\/2021-oktober-6\/20211006_111638.jpg\"\n           data-thumbnail=\"https:\/\/xn--kemenesmagasiltalnosiskola-hfce.hu\/wp-content\/gallery\/2021-oktober-6\/thumbs\/thumbs_20211006_111638.jpg\"\n           data-image-id=\"52\"\n           data-title=\"20211006_111638\"\n           data-description=\" \"\n           class=\"ngg-simplelightbox\" rel=\"22ef56aa539e260cfb66857b0e6adca2\">\n            <img title='20211006_111638'\n                 alt='20211006_111638'\n                 src='https:\/\/xn--kemenesmagasiltalnosiskola-hfce.hu\/wp-content\/gallery\/2021-oktober-6\/20211006_111638.jpg'\/>\n        <\/a>\n\t    \n        <\/div> \n\n        <div class='ngg-imagebrowser-nav'>\n\n            <div class='back'>\n                <a class='ngg-browser-prev'\n                   id='ngg-prev-68'\n                   href='https:\/\/xn--kemenesmagasiltalnosiskola-hfce.hu\/index.php\/2021\/10\/06\/oktober-6-megemlekezes-az-aradi-vertanukrol\/nggallery\/image\/20211006_113001'>\n                    <i class=\"fa fa-chevron-left\" aria-hidden=\"true\"><\/i>\n                <\/a>\n            <\/div>\n\n            <div class='next'>\n                <a class='ngg-browser-next'\n                   id='ngg-next-53'\n                   href='https:\/\/xn--kemenesmagasiltalnosiskola-hfce.hu\/index.php\/2021\/10\/06\/oktober-6-megemlekezes-az-aradi-vertanukrol\/nggallery\/image\/20211006_111705'>\n                    <i class=\"fa fa-chevron-right\" aria-hidden=\"true\"><\/i>\n                <\/a>\n            <\/div>\n\n            <div class='counter'>\n                k\u00e9p                1                 \/                17            <\/div>\n\n            <div class='ngg-imagebrowser-desc'>\n                <p> <\/p>\n            <\/div>\n\n        <\/div>\n    <\/div>\n\n\n","protected":false},"excerpt":{"rendered":"<p>1849. okt\u00f3ber 6-\u00e1n Aradon kiv\u00e9gezt\u00e9k az 1848-49-es szabads\u00e1gharc 13 t\u00e1bornok\u00e1t. M\u00e1rt\u00edrhal\u00e1luk az\u00f3ta jelk\u00e9pp\u00e9 v\u00e1lt. &#8222;Szabags\u00e1gharcunk let\u0171nt napvil\u00e1ga Te vak\u00edt\u00f3 nap a sz\u00e1zad del\u00e9n, Nem pazaroltad sugarad hi\u00e1ba B\u00e1r vak s\u00f6t\u00e9tbe halt az \u00e9gi f\u00e9ny.&#8221; Hagyom\u00e1ny, hogy ezen a napon a hetedik oszt\u00e1lyos gyerekek szerepl\u00e9s\u00e9vel megeml\u00e9kez\u00e9st tartunk a 13 aradi v\u00e9rtan\u00far\u00f3l. Az oszt\u00e1ly m\u0171sora m\u00e9lt\u00f3k\u00e9ppen felid\u00e9zte&#8230;<\/p>\n<p class=\"more-link-wrap\"><a href=\"https:\/\/xn--kemenesmagasiltalnosiskola-hfce.hu\/index.php\/2021\/10\/06\/oktober-6-megemlekezes-az-aradi-vertanukrol\/\" class=\"more-link\">Tov\u00e1bb<span class=\"screen-reader-text\"> &ldquo;Okt\u00f3ber 6. &#8211; Megeml\u00e9kez\u00e9s az aradi v\u00e9rtan\u00fakr\u00f3l&rdquo;<\/span> &raquo;<\/a><\/p>\n","protected":false},"author":1,"featured_media":774,"comment_status":"closed","ping_status":"open","sticky":false,"template":"","format":"standard","meta":{"ngg_post_thumbnail":0,"footnotes":""},"categories":[1],"tags":[],"class_list":["post-732","post","type-post","status-publish","format-standard","has-post-thumbnail","hentry","category-uncategorized"],"jetpack_featured_media_url":"https:\/\/xn--kemenesmagasiltalnosiskola-hfce.hu\/wp-content\/uploads\/2021\/10\/244360909_987348295158285_6589399048414047674_n.jpg","_links":{"self":[{"href":"https:\/\/xn--kemenesmagasiltalnosiskola-hfce.hu\/index.php\/wp-json\/wp\/v2\/posts\/732","targetHints":{"allow":["GET"]}}],"collection":[{"href":"https:\/\/xn--kemenesmagasiltalnosiskola-hfce.hu\/index.php\/wp-json\/wp\/v2\/posts"}],"about":[{"href":"https:\/\/xn--kemenesmagasiltalnosiskola-hfce.hu\/index.php\/wp-json\/wp\/v2\/types\/post"}],"author":[{"embeddable":true,"href":"https:\/\/xn--kemenesmagasiltalnosiskola-hfce.hu\/index.php\/wp-json\/wp\/v2\/users\/1"}],"replies":[{"embeddable":true,"href":"https:\/\/xn--kemenesmagasiltalnosiskola-hfce.hu\/index.php\/wp-json\/wp\/v2\/comments?post=732"}],"version-history":[{"count":12,"href":"https:\/\/xn--kemenesmagasiltalnosiskola-hfce.hu\/index.php\/wp-json\/wp\/v2\/posts\/732\/revisions"}],"predecessor-version":[{"id":792,"href":"https:\/\/xn--kemenesmagasiltalnosiskola-hfce.hu\/index.php\/wp-json\/wp\/v2\/posts\/732\/revisions\/792"}],"wp:featuredmedia":[{"embeddable":true,"href":"https:\/\/xn--kemenesmagasiltalnosiskola-hfce.hu\/index.php\/wp-json\/wp\/v2\/media\/774"}],"wp:attachment":[{"href":"https:\/\/xn--kemenesmagasiltalnosiskola-hfce.hu\/index.php\/wp-json\/wp\/v2\/media?parent=732"}],"wp:term":[{"taxonomy":"category","embeddable":true,"href":"https:\/\/xn--kemenesmagasiltalnosiskola-hfce.hu\/index.php\/wp-json\/wp\/v2\/categories?post=732"},{"taxonomy":"post_tag","embeddable":true,"href":"https:\/\/xn--kemenesmagasiltalnosiskola-hfce.hu\/index.php\/wp-json\/wp\/v2\/tags?post=732"}],"curies":[{"name":"wp","href":"https:\/\/api.w.org\/{rel}","templated":true}]}}