{"id":729,"date":"2021-10-06T17:10:16","date_gmt":"2021-10-06T17:10:16","guid":{"rendered":"https:\/\/xn--kemenesmagasiltalnosiskola-hfce.hu\/?p=729"},"modified":"2021-11-11T19:03:23","modified_gmt":"2021-11-11T19:03:23","slug":"a-hatodikosok-a-sag-hegyen-turaztak","status":"publish","type":"post","link":"https:\/\/xn--kemenesmagasiltalnosiskola-hfce.hu\/index.php\/2021\/10\/06\/a-hatodikosok-a-sag-hegyen-turaztak\/","title":{"rendered":"A S\u00e1g hegyen t\u00far\u00e1ztak a hatodikosok"},"content":{"rendered":"<p>Rozm\u00e1nn\u00e9 Csiszl\u00e9r Di\u00e1na&nbsp; &nbsp; &nbsp; &nbsp; &nbsp; &nbsp; &nbsp; &nbsp; &nbsp;<\/p>\n<p>Szeptember 28-\u00e1n, egy keddi napon felkerekedett a 6. oszt\u00e1ly, hogy t\u00far\u00e1t tegyen a S\u00e1g hegyen. A kialudt vulk\u00e1non Kar\u00e1di Enik\u0151 tan\u00e1rn\u0151 kalauzolt benn\u00fcnket. A hegyr\u0151l lej\u0151ve bet\u00e9rt\u00fcnk a m\u00fazeumba, ahol l\u00e1thattunk szimul\u00e1tort gejz\u00edrr\u0151l, vulk\u00e1nr\u00f3l, f\u00f6ldreng\u00e9sr\u0151l. \u0170rutaz\u00e1st tehett\u00fcnk a Naprendszerben, legv\u00e9g\u00fcl egy kisfilmet tekintett\u00fcnk meg a vulk\u00e1nok \u00e1ltal okozott legnagyobb katasztr\u00f3f\u00e1kr\u00f3l. A minikir\u00e1ndul\u00e1sunk az\u00e9rt is \u00e9lm\u00e9ny volt sz\u00e1munkra , mert kapcsol\u00f3dott az aktu\u00e1lis term\u00e9szetismeret-tananyagunkhoz.&nbsp;<\/p>\n<p><img loading=\"lazy\" decoding=\"async\" class=\"alignnone size-medium wp-image-805\" src=\"https:\/\/xn--kemenesmagasiltalnosiskola-hfce.hu\/wp-content\/uploads\/2021\/10\/244474924_276455394334869_5751368200364013249_n-300x225.jpg\" alt=\"\" width=\"300\" height=\"225\" srcset=\"https:\/\/xn--kemenesmagasiltalnosiskola-hfce.hu\/wp-content\/uploads\/2021\/10\/244474924_276455394334869_5751368200364013249_n-300x225.jpg 300w, https:\/\/xn--kemenesmagasiltalnosiskola-hfce.hu\/wp-content\/uploads\/2021\/10\/244474924_276455394334869_5751368200364013249_n.jpg 756w\" sizes=\"auto, (max-width: 300px) 100vw, 300px\" \/><img loading=\"lazy\" decoding=\"async\" class=\"alignnone size-medium wp-image-806\" src=\"https:\/\/xn--kemenesmagasiltalnosiskola-hfce.hu\/wp-content\/uploads\/2021\/10\/244424452_393339122446282_1228962211718634699_n-224x300.jpg\" alt=\"\" width=\"224\" height=\"300\" srcset=\"https:\/\/xn--kemenesmagasiltalnosiskola-hfce.hu\/wp-content\/uploads\/2021\/10\/244424452_393339122446282_1228962211718634699_n-224x300.jpg 224w, https:\/\/xn--kemenesmagasiltalnosiskola-hfce.hu\/wp-content\/uploads\/2021\/10\/244424452_393339122446282_1228962211718634699_n-764x1024.jpg 764w, https:\/\/xn--kemenesmagasiltalnosiskola-hfce.hu\/wp-content\/uploads\/2021\/10\/244424452_393339122446282_1228962211718634699_n-768x1030.jpg 768w, https:\/\/xn--kemenesmagasiltalnosiskola-hfce.hu\/wp-content\/uploads\/2021\/10\/244424452_393339122446282_1228962211718634699_n-1145x1536.jpg 1145w, https:\/\/xn--kemenesmagasiltalnosiskola-hfce.hu\/wp-content\/uploads\/2021\/10\/244424452_393339122446282_1228962211718634699_n.jpg 1360w\" sizes=\"auto, (max-width: 224px) 100vw, 224px\" \/><\/p>\n<p>&nbsp;<\/p>\n","protected":false},"excerpt":{"rendered":"<p>Rozm\u00e1nn\u00e9 Csiszl\u00e9r Di\u00e1na&nbsp; &nbsp; &nbsp; &nbsp; &nbsp; &nbsp; &nbsp; &nbsp; &nbsp; Szeptember 28-\u00e1n, egy keddi napon felkerekedett a 6. oszt\u00e1ly, hogy t\u00far\u00e1t tegyen a S\u00e1g hegyen. A kialudt vulk\u00e1non Kar\u00e1di Enik\u0151 tan\u00e1rn\u0151 kalauzolt benn\u00fcnket. A hegyr\u0151l lej\u0151ve bet\u00e9rt\u00fcnk a m\u00fazeumba, ahol l\u00e1thattunk szimul\u00e1tort gejz\u00edrr\u0151l, vulk\u00e1nr\u00f3l, f\u00f6ldreng\u00e9sr\u0151l. \u0170rutaz\u00e1st tehett\u00fcnk a Naprendszerben, legv\u00e9g\u00fcl egy kisfilmet tekintett\u00fcnk meg&#8230;<\/p>\n<p class=\"more-link-wrap\"><a href=\"https:\/\/xn--kemenesmagasiltalnosiskola-hfce.hu\/index.php\/2021\/10\/06\/a-hatodikosok-a-sag-hegyen-turaztak\/\" class=\"more-link\">Tov\u00e1bb<span class=\"screen-reader-text\"> &ldquo;A S\u00e1g hegyen t\u00far\u00e1ztak a hatodikosok&rdquo;<\/span> &raquo;<\/a><\/p>\n","protected":false},"author":1,"featured_media":811,"comment_status":"closed","ping_status":"open","sticky":false,"template":"","format":"standard","meta":{"ngg_post_thumbnail":0,"footnotes":""},"categories":[1],"tags":[],"class_list":["post-729","post","type-post","status-publish","format-standard","has-post-thumbnail","hentry","category-uncategorized"],"jetpack_featured_media_url":"https:\/\/xn--kemenesmagasiltalnosiskola-hfce.hu\/wp-content\/uploads\/2021\/10\/244352902_345986480655761_4552726019353403407_n.jpg","_links":{"self":[{"href":"https:\/\/xn--kemenesmagasiltalnosiskola-hfce.hu\/index.php\/wp-json\/wp\/v2\/posts\/729","targetHints":{"allow":["GET"]}}],"collection":[{"href":"https:\/\/xn--kemenesmagasiltalnosiskola-hfce.hu\/index.php\/wp-json\/wp\/v2\/posts"}],"about":[{"href":"https:\/\/xn--kemenesmagasiltalnosiskola-hfce.hu\/index.php\/wp-json\/wp\/v2\/types\/post"}],"author":[{"embeddable":true,"href":"https:\/\/xn--kemenesmagasiltalnosiskola-hfce.hu\/index.php\/wp-json\/wp\/v2\/users\/1"}],"replies":[{"embeddable":true,"href":"https:\/\/xn--kemenesmagasiltalnosiskola-hfce.hu\/index.php\/wp-json\/wp\/v2\/comments?post=729"}],"version-history":[{"count":10,"href":"https:\/\/xn--kemenesmagasiltalnosiskola-hfce.hu\/index.php\/wp-json\/wp\/v2\/posts\/729\/revisions"}],"predecessor-version":[{"id":984,"href":"https:\/\/xn--kemenesmagasiltalnosiskola-hfce.hu\/index.php\/wp-json\/wp\/v2\/posts\/729\/revisions\/984"}],"wp:featuredmedia":[{"embeddable":true,"href":"https:\/\/xn--kemenesmagasiltalnosiskola-hfce.hu\/index.php\/wp-json\/wp\/v2\/media\/811"}],"wp:attachment":[{"href":"https:\/\/xn--kemenesmagasiltalnosiskola-hfce.hu\/index.php\/wp-json\/wp\/v2\/media?parent=729"}],"wp:term":[{"taxonomy":"category","embeddable":true,"href":"https:\/\/xn--kemenesmagasiltalnosiskola-hfce.hu\/index.php\/wp-json\/wp\/v2\/categories?post=729"},{"taxonomy":"post_tag","embeddable":true,"href":"https:\/\/xn--kemenesmagasiltalnosiskola-hfce.hu\/index.php\/wp-json\/wp\/v2\/tags?post=729"}],"curies":[{"name":"wp","href":"https:\/\/api.w.org\/{rel}","templated":true}]}}