{"id":2504,"date":"2024-09-03T17:57:49","date_gmt":"2024-09-03T17:57:49","guid":{"rendered":"https:\/\/xn--kemenesmagasiltalnosiskola-hfce.hu\/?p=2504"},"modified":"2024-09-03T18:03:51","modified_gmt":"2024-09-03T18:03:51","slug":"allj-be-kozenk-hisz-itt-a-helyed","status":"publish","type":"post","link":"https:\/\/xn--kemenesmagasiltalnosiskola-hfce.hu\/index.php\/2024\/09\/03\/allj-be-kozenk-hisz-itt-a-helyed\/","title":{"rendered":"&#8222;\u00c1LLJ BE K\u00d6Z\u00c9NK, HISZ ITT A HELYED!&#8221;"},"content":{"rendered":"<div dir=\"auto\">Tegnap iskol\u00e1nk egy kedves hangulat\u00fa tan\u00e9vnyit\u00f3val kezdte meg a 2024-2025-\u00f6s tan\u00e9vet.<\/div>\n<div dir=\"auto\">Ez a nap a legkisebb gyermekek, az els\u0151s\u00f6k sz\u00e1m\u00e1ra a legszebb \u00fcnnep. \u0150ket k\u00f6sz\u00f6nt\u00f6tte az Iskola minden tagja, a sz\u00fcl\u0151k \u00e9s a legnagyobb di\u00e1kok aj\u00e1nd\u00e9kokkal is meglept\u00e9k \u0151ket.<\/div>\n<div dir=\"auto\">Aj\u00e1nd\u00e9kokkal \u00e9rkeztek a Szerg\u00e9ny Igaz Vil\u00e1g Egyes\u00fclet tagjai is. Hetek \u00f3ta tanszereket gy\u0171jt\u00f6ttek a r\u00e1szorul\u00f3 di\u00e1kjaink sz\u00e1m\u00e1ra. H\u00e1l\u00e1san k\u00f6sz\u00f6nj\u00fck ezt nekik \u00e9s az adom\u00e1nyoz\u00f3knak! &nbsp;<\/div>\n<div dir=\"auto\"><!-- default-view.php -->\n<div\n\tclass=\"ngg-galleryoverview default-view \"\n\tid=\"ngg-gallery-ba8dd8a9e4bfb78a5b4982fc22fded25-1\">\n\n\t\t<!-- Thumbnails -->\n\t\t\t\t<div id=\"ngg-image-0\" class=\"ngg-gallery-thumbnail-box \" >\n\t\t\t\t        <div class=\"ngg-gallery-thumbnail\">\n            <a href=\"https:\/\/xn--kemenesmagasiltalnosiskola-hfce.hu\/wp-content\/gallery\/evnyito2024\/4.JPG\"\n               title=\"\"\n               data-src=\"https:\/\/xn--kemenesmagasiltalnosiskola-hfce.hu\/wp-content\/gallery\/evnyito2024\/4.JPG\"\n               data-thumbnail=\"https:\/\/xn--kemenesmagasiltalnosiskola-hfce.hu\/wp-content\/gallery\/evnyito2024\/thumbs\/thumbs_4.JPG\"\n               data-image-id=\"495\"\n               data-title=\"4\"\n               data-description=\"\"\n               data-image-slug=\"4-2\"\n               class=\"ngg-simplelightbox\" rel=\"ba8dd8a9e4bfb78a5b4982fc22fded25\">\n                <img\n                    title=\"4\"\n                    alt=\"4\"\n                    src=\"https:\/\/xn--kemenesmagasiltalnosiskola-hfce.hu\/wp-content\/gallery\/evnyito2024\/thumbs\/thumbs_4.JPG\"\n                    width=\"240\"\n                    height=\"160\"\n                    style=\"max-width:100%;\"\n                \/>\n            <\/a>\n        <\/div>\n\t\t\t\t\t\t\t<\/div> \n\t\t\t\n\t\t\t\t<div id=\"ngg-image-1\" class=\"ngg-gallery-thumbnail-box \" >\n\t\t\t\t        <div class=\"ngg-gallery-thumbnail\">\n            <a href=\"https:\/\/xn--kemenesmagasiltalnosiskola-hfce.hu\/wp-content\/gallery\/evnyito2024\/2.JPG\"\n               title=\"\"\n               data-src=\"https:\/\/xn--kemenesmagasiltalnosiskola-hfce.hu\/wp-content\/gallery\/evnyito2024\/2.JPG\"\n               data-thumbnail=\"https:\/\/xn--kemenesmagasiltalnosiskola-hfce.hu\/wp-content\/gallery\/evnyito2024\/thumbs\/thumbs_2.JPG\"\n               data-image-id=\"496\"\n               data-title=\"2\"\n               data-description=\"\"\n               data-image-slug=\"2-5\"\n               class=\"ngg-simplelightbox\" rel=\"ba8dd8a9e4bfb78a5b4982fc22fded25\">\n                <img\n                    title=\"2\"\n                    alt=\"2\"\n                    src=\"https:\/\/xn--kemenesmagasiltalnosiskola-hfce.hu\/wp-content\/gallery\/evnyito2024\/thumbs\/thumbs_2.JPG\"\n                    width=\"240\"\n                    height=\"160\"\n                    style=\"max-width:100%;\"\n                \/>\n            <\/a>\n        <\/div>\n\t\t\t\t\t\t\t<\/div> \n\t\t\t\n\t\t\t\t<div id=\"ngg-image-2\" class=\"ngg-gallery-thumbnail-box \" >\n\t\t\t\t        <div class=\"ngg-gallery-thumbnail\">\n            <a href=\"https:\/\/xn--kemenesmagasiltalnosiskola-hfce.hu\/wp-content\/gallery\/evnyito2024\/1.JPG\"\n               title=\"\"\n               data-src=\"https:\/\/xn--kemenesmagasiltalnosiskola-hfce.hu\/wp-content\/gallery\/evnyito2024\/1.JPG\"\n               data-thumbnail=\"https:\/\/xn--kemenesmagasiltalnosiskola-hfce.hu\/wp-content\/gallery\/evnyito2024\/thumbs\/thumbs_1.JPG\"\n               data-image-id=\"497\"\n               data-title=\"1\"\n               data-description=\"\"\n               data-image-slug=\"1-4\"\n               class=\"ngg-simplelightbox\" rel=\"ba8dd8a9e4bfb78a5b4982fc22fded25\">\n                <img\n                    title=\"1\"\n                    alt=\"1\"\n                    src=\"https:\/\/xn--kemenesmagasiltalnosiskola-hfce.hu\/wp-content\/gallery\/evnyito2024\/thumbs\/thumbs_1.JPG\"\n                    width=\"240\"\n                    height=\"160\"\n                    style=\"max-width:100%;\"\n                \/>\n            <\/a>\n        <\/div>\n\t\t\t\t\t\t\t<\/div> \n\t\t\t\n\t\n\t<br style=\"clear: both\" \/>\n\n\t\n\t\t<!-- Pagination -->\n\t<div class='ngg-clear'><\/div>\t<\/div>\n<\/div>\n","protected":false},"excerpt":{"rendered":"<p>Tegnap iskol\u00e1nk egy kedves hangulat\u00fa tan\u00e9vnyit\u00f3val kezdte meg a 2024-2025-\u00f6s tan\u00e9vet. Ez a nap a legkisebb gyermekek, az els\u0151s\u00f6k sz\u00e1m\u00e1ra a legszebb \u00fcnnep. \u0150ket k\u00f6sz\u00f6nt\u00f6tte az Iskola minden tagja, a sz\u00fcl\u0151k \u00e9s a legnagyobb di\u00e1kok aj\u00e1nd\u00e9kokkal is meglept\u00e9k \u0151ket. Aj\u00e1nd\u00e9kokkal \u00e9rkeztek a Szerg\u00e9ny Igaz Vil\u00e1g Egyes\u00fclet tagjai is. Hetek \u00f3ta tanszereket gy\u0171jt\u00f6ttek a r\u00e1szorul\u00f3 di\u00e1kjaink&#8230;<\/p>\n<p class=\"more-link-wrap\"><a href=\"https:\/\/xn--kemenesmagasiltalnosiskola-hfce.hu\/index.php\/2024\/09\/03\/allj-be-kozenk-hisz-itt-a-helyed\/\" class=\"more-link\">Tov\u00e1bb<span class=\"screen-reader-text\"> &ldquo;&#8222;\u00c1LLJ BE K\u00d6Z\u00c9NK, HISZ ITT A HELYED!&#8221;&rdquo;<\/span> &raquo;<\/a><\/p>\n","protected":false},"author":1,"featured_media":2507,"comment_status":"closed","ping_status":"open","sticky":false,"template":"","format":"standard","meta":{"ngg_post_thumbnail":0,"footnotes":""},"categories":[1],"tags":[],"class_list":["post-2504","post","type-post","status-publish","format-standard","has-post-thumbnail","hentry","category-uncategorized"],"jetpack_featured_media_url":"https:\/\/xn--kemenesmagasiltalnosiskola-hfce.hu\/wp-content\/uploads\/2024\/09\/3.jpg","_links":{"self":[{"href":"https:\/\/xn--kemenesmagasiltalnosiskola-hfce.hu\/index.php\/wp-json\/wp\/v2\/posts\/2504","targetHints":{"allow":["GET"]}}],"collection":[{"href":"https:\/\/xn--kemenesmagasiltalnosiskola-hfce.hu\/index.php\/wp-json\/wp\/v2\/posts"}],"about":[{"href":"https:\/\/xn--kemenesmagasiltalnosiskola-hfce.hu\/index.php\/wp-json\/wp\/v2\/types\/post"}],"author":[{"embeddable":true,"href":"https:\/\/xn--kemenesmagasiltalnosiskola-hfce.hu\/index.php\/wp-json\/wp\/v2\/users\/1"}],"replies":[{"embeddable":true,"href":"https:\/\/xn--kemenesmagasiltalnosiskola-hfce.hu\/index.php\/wp-json\/wp\/v2\/comments?post=2504"}],"version-history":[{"count":5,"href":"https:\/\/xn--kemenesmagasiltalnosiskola-hfce.hu\/index.php\/wp-json\/wp\/v2\/posts\/2504\/revisions"}],"predecessor-version":[{"id":2510,"href":"https:\/\/xn--kemenesmagasiltalnosiskola-hfce.hu\/index.php\/wp-json\/wp\/v2\/posts\/2504\/revisions\/2510"}],"wp:featuredmedia":[{"embeddable":true,"href":"https:\/\/xn--kemenesmagasiltalnosiskola-hfce.hu\/index.php\/wp-json\/wp\/v2\/media\/2507"}],"wp:attachment":[{"href":"https:\/\/xn--kemenesmagasiltalnosiskola-hfce.hu\/index.php\/wp-json\/wp\/v2\/media?parent=2504"}],"wp:term":[{"taxonomy":"category","embeddable":true,"href":"https:\/\/xn--kemenesmagasiltalnosiskola-hfce.hu\/index.php\/wp-json\/wp\/v2\/categories?post=2504"},{"taxonomy":"post_tag","embeddable":true,"href":"https:\/\/xn--kemenesmagasiltalnosiskola-hfce.hu\/index.php\/wp-json\/wp\/v2\/tags?post=2504"}],"curies":[{"name":"wp","href":"https:\/\/api.w.org\/{rel}","templated":true}]}}