{"id":2441,"date":"2024-03-27T13:22:51","date_gmt":"2024-03-27T13:22:51","guid":{"rendered":"https:\/\/xn--kemenesmagasiltalnosiskola-hfce.hu\/?p=2441"},"modified":"2024-03-27T14:01:44","modified_gmt":"2024-03-27T14:01:44","slug":"elso-osztalyosok-beiratkozasa","status":"publish","type":"post","link":"https:\/\/xn--kemenesmagasiltalnosiskola-hfce.hu\/index.php\/2024\/03\/27\/elso-osztalyosok-beiratkozasa\/","title":{"rendered":"ELS\u0150 OSZT\u00c1LYOSOK BEIRATKOZ\u00c1SA"},"content":{"rendered":"<p><strong>Tisztelt Sz\u00fcl\u0151! Tisztelt T\u00f6rv\u00e9nyes K\u00e9pvisel\u0151!<\/strong><\/p>\n<p>Az oktat\u00e1s\u00e9rt felel\u0151s miniszter \u00e1ltal kiadott rendelet szerint az \u00e1ltal\u00e1nos iskolai beiratkoz\u00e1s<\/p>\n<h1><strong>2024. \u00e1prilis 18-\u00e1n \u00e9s 19-\u00e9n t\u00f6rt\u00e9nik, reggel 8 \u00f3r\u00e1t\u00f3l d\u00e9lut\u00e1n 6 \u00f3r\u00e1ig.<\/strong><\/h1>\n<p><strong>A sz\u00fcl\u0151\/t\u00f6rv\u00e9nyes k\u00e9pvisel\u0151 csak egy \u00e1ltal\u00e1nos iskol\u00e1ba ny\u00fajthatja be gyermeke jelentkez\u00e9s\u00e9t!<\/strong><\/p>\n<p><strong>A sz\u00fcl\u0151k\/t\u00f6rv\u00e9nyes k\u00e9pvisel\u0151 szem\u00e9lyes megjelen\u00e9se a beiratkoz\u00e1s folyamata sor\u00e1n k\u00f6telez\u0151.<\/strong><\/p>\n<p><strong>Be\u00edrat\u00e1shoz mindk\u00e9t sz\u00fcl\u0151 megjelen\u00e9s\u00e9re, al\u00e1\u00edr\u00e1s\u00e1ra sz\u00fcks\u00e9g van!<\/strong><\/p>\n<p>A beiratkoz\u00e1st megel\u0151z\u0151en a sz\u00fcl\u0151knek lehet\u0151s\u00e9ge van online is el\u0151k\u00e9sz\u00edteni a beiratkoz\u00e1st a Kr\u00e9ta rendszeren kereszt\u00fcl:&nbsp;<a href=\"https:\/\/eugyintezes.e-kreta.hu\/kezdolap\">https:\/\/eugyintezes.e-kreta.hu\/kezdolap<\/a>&nbsp;.<\/p>\n<p>Err\u0151l a t\u00e1j\u00e9koztat\u00f3t itt tal\u00e1lj\u00e1k:&nbsp;<a href=\"http:\/\/celliskola.hu\/wp-content\/uploads\/2024\/03\/BAI_Szuloi-tajekoztato_2024.pdf\">Sz\u00fcl\u0151i t\u00e1j\u00e9koztat\u00f3<\/a><\/p>\n<p><strong><em>Gyermek\u00e9t szem\u00e9lyesen kell be\u00edratni int\u00e9zm\u00e9ny\u00fcnkbe. <\/em><\/strong><\/p>\n<p>Tov\u00e1bb\u00e1 felh\u00edvjuk a figyelmet az Nkt. 72. \u00a7 (1a) bekezd\u00e9s\u00e9ben foglaltakra:<\/p>\n<p>\u201eA sz\u00fcl\u0151 k\u00f6telezetts\u00e9ge, hogy a nevel\u00e9si-oktat\u00e1si int\u00e9zm\u00e9nnyel tanul\u00f3i jogviszonyban \u00e1ll\u00f3, cselekv\u0151k\u00e9ptelen vagy korl\u00e1tozottan cselekv\u0151k\u00e9pes, fokozott kock\u00e1zat\u00fa allergi\u00e1s betegs\u00e9ggel diagnosztiz\u00e1lt gyermeke fokozott figyelmet ig\u00e9nyl\u0151 eg\u00e9szs\u00e9gi \u00e1llapot\u00e1r\u00f3l \u00e9s a megteend\u0151 s\u00fcrg\u0151ss\u00e9gi int\u00e9zked\u00e9sekr\u0151l<\/p>\n<ol>\n<li>a)&nbsp;<strong><u>a beiratkoz\u00e1ssal egyidej\u0171leg<\/u><\/strong>, vagy<\/li>\n<li>b) a diagn\u00f3zis ismertt\u00e9 v\u00e1l\u00e1s\u00e1t k\u00f6vet\u0151en halad\u00e9ktalanul<\/li>\n<\/ol>\n<p>t\u00e1j\u00e9koztassa a nevel\u00e9si-oktat\u00e1si int\u00e9zm\u00e9nyt, tov\u00e1bb\u00e1 k\u00f6teles gondoskodni arr\u00f3l, hogy az \u00e9letment\u0151 gy\u00f3gyszert a gyermek, tanul\u00f3 mindig tartsa mag\u00e1n\u00e1l.\u201d<\/p>\n<p>Tisztelettel:<\/p>\n<p><strong>Nagy Andrea<\/strong><\/p>\n<p>int\u00e9zm\u00e9nyvezet\u0151<\/p>\n","protected":false},"excerpt":{"rendered":"<p>Tisztelt Sz\u00fcl\u0151! Tisztelt T\u00f6rv\u00e9nyes K\u00e9pvisel\u0151! Az oktat\u00e1s\u00e9rt felel\u0151s miniszter \u00e1ltal kiadott rendelet szerint az \u00e1ltal\u00e1nos iskolai beiratkoz\u00e1s 2024. \u00e1prilis 18-\u00e1n \u00e9s 19-\u00e9n t\u00f6rt\u00e9nik, reggel 8 \u00f3r\u00e1t\u00f3l d\u00e9lut\u00e1n 6 \u00f3r\u00e1ig. A sz\u00fcl\u0151\/t\u00f6rv\u00e9nyes k\u00e9pvisel\u0151 csak egy \u00e1ltal\u00e1nos iskol\u00e1ba ny\u00fajthatja be gyermeke jelentkez\u00e9s\u00e9t! A sz\u00fcl\u0151k\/t\u00f6rv\u00e9nyes k\u00e9pvisel\u0151 szem\u00e9lyes megjelen\u00e9se a beiratkoz\u00e1s folyamata sor\u00e1n k\u00f6telez\u0151. Be\u00edrat\u00e1shoz mindk\u00e9t sz\u00fcl\u0151 megjelen\u00e9s\u00e9re, al\u00e1\u00edr\u00e1s\u00e1ra&#8230;<\/p>\n<p class=\"more-link-wrap\"><a href=\"https:\/\/xn--kemenesmagasiltalnosiskola-hfce.hu\/index.php\/2024\/03\/27\/elso-osztalyosok-beiratkozasa\/\" class=\"more-link\">Tov\u00e1bb<span class=\"screen-reader-text\"> &ldquo;ELS\u0150 OSZT\u00c1LYOSOK BEIRATKOZ\u00c1SA&rdquo;<\/span> &raquo;<\/a><\/p>\n","protected":false},"author":1,"featured_media":0,"comment_status":"closed","ping_status":"open","sticky":false,"template":"","format":"standard","meta":{"ngg_post_thumbnail":0,"footnotes":""},"categories":[1],"tags":[],"class_list":["post-2441","post","type-post","status-publish","format-standard","hentry","category-uncategorized"],"jetpack_featured_media_url":"","_links":{"self":[{"href":"https:\/\/xn--kemenesmagasiltalnosiskola-hfce.hu\/index.php\/wp-json\/wp\/v2\/posts\/2441","targetHints":{"allow":["GET"]}}],"collection":[{"href":"https:\/\/xn--kemenesmagasiltalnosiskola-hfce.hu\/index.php\/wp-json\/wp\/v2\/posts"}],"about":[{"href":"https:\/\/xn--kemenesmagasiltalnosiskola-hfce.hu\/index.php\/wp-json\/wp\/v2\/types\/post"}],"author":[{"embeddable":true,"href":"https:\/\/xn--kemenesmagasiltalnosiskola-hfce.hu\/index.php\/wp-json\/wp\/v2\/users\/1"}],"replies":[{"embeddable":true,"href":"https:\/\/xn--kemenesmagasiltalnosiskola-hfce.hu\/index.php\/wp-json\/wp\/v2\/comments?post=2441"}],"version-history":[{"count":4,"href":"https:\/\/xn--kemenesmagasiltalnosiskola-hfce.hu\/index.php\/wp-json\/wp\/v2\/posts\/2441\/revisions"}],"predecessor-version":[{"id":2445,"href":"https:\/\/xn--kemenesmagasiltalnosiskola-hfce.hu\/index.php\/wp-json\/wp\/v2\/posts\/2441\/revisions\/2445"}],"wp:attachment":[{"href":"https:\/\/xn--kemenesmagasiltalnosiskola-hfce.hu\/index.php\/wp-json\/wp\/v2\/media?parent=2441"}],"wp:term":[{"taxonomy":"category","embeddable":true,"href":"https:\/\/xn--kemenesmagasiltalnosiskola-hfce.hu\/index.php\/wp-json\/wp\/v2\/categories?post=2441"},{"taxonomy":"post_tag","embeddable":true,"href":"https:\/\/xn--kemenesmagasiltalnosiskola-hfce.hu\/index.php\/wp-json\/wp\/v2\/tags?post=2441"}],"curies":[{"name":"wp","href":"https:\/\/api.w.org\/{rel}","templated":true}]}}