{"id":2004,"date":"2023-06-13T13:06:40","date_gmt":"2023-06-13T13:06:40","guid":{"rendered":"https:\/\/xn--kemenesmagasiltalnosiskola-hfce.hu\/?p=2004"},"modified":"2023-09-11T13:37:19","modified_gmt":"2023-09-11T13:37:19","slug":"foci-minden-mennyisegben","status":"publish","type":"post","link":"https:\/\/xn--kemenesmagasiltalnosiskola-hfce.hu\/index.php\/2023\/06\/13\/foci-minden-mennyisegben\/","title":{"rendered":"FOCI MINDEN MENNYIS\u00c9GBEN :-)"},"content":{"rendered":"<h6 dir=\"auto\">\u00c1prilis 3.<\/h6>\n<p dir=\"auto\">Iskol\u00e1nk l\u00e1nycsapata r\u00e9szt vett a S\u00e1rv\u00e1ron megrendezett kist\u00e9rs\u00e9gi di\u00e1kolimpia megyei el\u0151d\u00f6nt\u0151j\u00e9n. L\u00e1nycsapattal ilyen torn\u00e1ra az iskola t\u00f6rt\u00e9nete sor\u00e1n el\u0151sz\u00f6r nevezt\u00fcnk. Az irre\u00e1lis id\u0151j\u00e1r\u00e1s ellen\u00e9re lelkesen, harcosan, becs\u00fclettel k\u00fczd\u00f6ttek, helyenk\u00e9nt l\u00e1tv\u00e1nyos megold\u00e1sokat mutattak be l\u00e1nyaink. Sajnos ezen a napon a szerencse sem volt vel\u00fcnk, \u00edgy a 4. helyen v\u00e9gezt\u00fcnk. Ett\u0151l f\u00fcggetlen\u00fcl d\u00edcs\u00e9ret illeti a l\u00e1nyokat. J\u00f6v\u0151re folytatjuk. <span class=\"x3nfvp2 x1j61x8r x1fcty0u xdj266r xhhsvwb xat24cr xgzva0m xxymvpz xlup9mm x1kky2od\"><img loading=\"lazy\" decoding=\"async\" src=\"https:\/\/static.xx.fbcdn.net\/images\/emoji.php\/v9\/tb0\/1.5\/16\/1f609.png\" alt=\"\ud83d\ude09\" width=\"16\" height=\"16\"><\/span><\/p>\n<div dir=\"auto\">A csapat tagjai: <span class=\"xt0psk2\">B<\/span><span class=\"xt0psk2\">ok\u00e1nyi S\u00e1ra<\/span>, <span class=\"xt0psk2\">Gyalogh Dalma<\/span>, <span class=\"xt0psk2\">Hajdu Szofi<\/span>, <span class=\"xt0psk2\">Kov\u00e1cs Kira<\/span>, <span class=\"xt0psk2\">Nagy J\u00e1zmin<\/span>, Nagy Lia, <span class=\"xt0psk2\">Nagy Regina<\/span>, <span class=\"xt0psk2\">N\u00e9meth Aliz<\/span>, Sulyok Bianka. Edz\u0151: <span class=\"xt0psk2\">Enik\u0151 Kar\u00e1di<\/span> tan\u00e1rn\u0151<\/div>\n<h6 dir=\"auto\">M\u00e1jus 26.<\/h6>\n<div dir=\"auto\">Iskol\u00e1nk l\u00e1ny focicsapata a mai nap 30. alkalommal megrendezett D\u0151ry-kup\u00e1n vett r\u00e9szt, Mih\u00e1lyiban. K\u00fczdelmes m\u00e9rk\u0151z\u00e9seket j\u00e1tszva a 3. helyet szerezt\u00e9k meg. Emellett csapatunk tagja, Hajdu Szofi megszerezte a g\u00f3lkir\u00e1lyi c\u00edmet is.<\/div>\n<div dir=\"auto\">A csapat tagjai: Bok\u00e1nyi S\u00e1ra, Gyalogh Dalma, Gyalogh Hanna, Hajdu Szofi, N\u00e9meth Al\u00edz, Sulyok Bianka, Vincze Evelin, Vincze R\u00e9ka<\/div>\n<div dir=\"auto\">Gratul\u00e1lunk Nektek! B\u00fcszk\u00e9k vagyunk r\u00e1tok!<\/div>\n<h6 dir=\"auto\"><strong>J\u00fanius 12.<\/strong><\/h6>\n<p dir=\"auto\">Iskol\u00e1nk 7-8. oszt\u00e1lyos fi\u00fa tanul\u00f3i Beledben vettek r\u00e9szt t\u00e9rs\u00e9gi labdar\u00fag\u00f3 torn\u00e1n. Csapatunk bes\u00f6p\u00f6rte az els\u0151 helyet, T\u00f3th Zsolt lett a torna g\u00f3lkir\u00e1lya, Kov\u00e1cs Rajmund pedig a torna legjobb j\u00e1t\u00e9kosa. A csapat tagjai: Gondi \u00c1ron, Rozm\u00e1n \u00c1kos, Kiss M\u00e1t\u00e9, Horv\u00e1th Ott\u00f3, Kutasi Gerg\u0151, Gudui D\u00e1niel, Kov\u00e1cs Rajmund, Kolomp\u00e1r K\u00e1roly, B\u00e1lint Csaba, T\u00f3th Zsolt. Gratul\u00e1lunk fi\u00fak! B\u00fcszk\u00e9k vagyunk r\u00e1tok!<\/p>\n<h6 dir=\"auto\"><strong>J\u00fanius 13.<\/strong><\/h6>\n<div dir=\"auto\">Als\u00f3s\u00e1gon megrendezett S\u00e1g hegy kup\u00e1n vett\u00fcnk r\u00e9szt szint\u00e9n a 7-8. oszt\u00e1lyos fi\u00fakkal.<\/div>\n<div dir=\"auto\">A csoportm\u00e9rk\u0151z\u00e9sek ut\u00e1n a d\u00f6nt\u0151\u00e9rt j\u00e1tszhattunk, ahol 3:1-es sikerrel jutottunk tov\u00e1bb. A d\u00f6nt\u0151ben a Celld\u00f6m\u00f6lki V\u00e1rosi \u00c1ltal\u00e1nos Iskola csapat\u00e1val k\u00fczd\u00f6tt\u00fcnk, ahol sajnos veres\u00e9get szenvedt\u00fcnk.<\/div>\n<div dir=\"auto\">\u00cdgy becs\u00fclettel helyt\u00e1llva csapatunk a 2. helyen v\u00e9gzett.<\/div>\n<div dir=\"auto\">A torna legjobb kapusa d\u00edjat iskol\u00e1nk tanul\u00f3ja, Kutasi Gerg\u0151 kapta.<\/div>\n<div dir=\"auto\">A csapat tagjai: Kutasi Gerg\u0151, Gudui D\u00e1niel, Rozm\u00e1n \u00c1kos, Kov\u00e1cs Rajmund, Kolomp\u00e1r K\u00e1roly, T\u00f3th Zsolt.<\/div>\n<div dir=\"auto\">B\u00fcszk\u00e9k vagyunk r\u00e1tok!<\/div>\n<div dir=\"auto\"><!-- default-view.php -->\n<div\n\tclass=\"ngg-galleryoverview default-view \"\n\tid=\"ngg-gallery-f1bd142f3de187867e087ba73173696e-1\">\n\n\t\t<!-- Thumbnails -->\n\t\t\t\t<div id=\"ngg-image-0\" class=\"ngg-gallery-thumbnail-box \" >\n\t\t\t\t        <div class=\"ngg-gallery-thumbnail\">\n            <a href=\"https:\/\/xn--kemenesmagasiltalnosiskola-hfce.hu\/wp-content\/gallery\/foci-kupak-2023\/346841139_9753466484678421_5156173505698258061_n.jpg\"\n               title=\"\"\n               data-src=\"https:\/\/xn--kemenesmagasiltalnosiskola-hfce.hu\/wp-content\/gallery\/foci-kupak-2023\/346841139_9753466484678421_5156173505698258061_n.jpg\"\n               data-thumbnail=\"https:\/\/xn--kemenesmagasiltalnosiskola-hfce.hu\/wp-content\/gallery\/foci-kupak-2023\/thumbs\/thumbs_346841139_9753466484678421_5156173505698258061_n.jpg\"\n               data-image-id=\"383\"\n               data-title=\"346841139_9753466484678421_5156173505698258061_n\"\n               data-description=\"\"\n               data-image-slug=\"346841139_9753466484678421_5156173505698258061_n\"\n               class=\"ngg-simplelightbox\" rel=\"f1bd142f3de187867e087ba73173696e\">\n                <img\n                    title=\"346841139_9753466484678421_5156173505698258061_n\"\n                    alt=\"346841139_9753466484678421_5156173505698258061_n\"\n                    src=\"https:\/\/xn--kemenesmagasiltalnosiskola-hfce.hu\/wp-content\/gallery\/foci-kupak-2023\/thumbs\/thumbs_346841139_9753466484678421_5156173505698258061_n.jpg\"\n                    width=\"240\"\n                    height=\"160\"\n                    style=\"max-width:100%;\"\n                \/>\n            <\/a>\n        <\/div>\n\t\t\t\t\t\t\t<\/div> \n\t\t\t\n\t\t\t\t<div id=\"ngg-image-1\" class=\"ngg-gallery-thumbnail-box \" >\n\t\t\t\t        <div class=\"ngg-gallery-thumbnail\">\n            <a href=\"https:\/\/xn--kemenesmagasiltalnosiskola-hfce.hu\/wp-content\/gallery\/foci-kupak-2023\/347383814_1005485027282290_4681756417953396021_n.jpg\"\n               title=\"\"\n               data-src=\"https:\/\/xn--kemenesmagasiltalnosiskola-hfce.hu\/wp-content\/gallery\/foci-kupak-2023\/347383814_1005485027282290_4681756417953396021_n.jpg\"\n               data-thumbnail=\"https:\/\/xn--kemenesmagasiltalnosiskola-hfce.hu\/wp-content\/gallery\/foci-kupak-2023\/thumbs\/thumbs_347383814_1005485027282290_4681756417953396021_n.jpg\"\n               data-image-id=\"384\"\n               data-title=\"347383814_1005485027282290_4681756417953396021_n\"\n               data-description=\"\"\n               data-image-slug=\"347383814_1005485027282290_4681756417953396021_n\"\n               class=\"ngg-simplelightbox\" rel=\"f1bd142f3de187867e087ba73173696e\">\n                <img\n                    title=\"347383814_1005485027282290_4681756417953396021_n\"\n                    alt=\"347383814_1005485027282290_4681756417953396021_n\"\n                    src=\"https:\/\/xn--kemenesmagasiltalnosiskola-hfce.hu\/wp-content\/gallery\/foci-kupak-2023\/thumbs\/thumbs_347383814_1005485027282290_4681756417953396021_n.jpg\"\n                    width=\"240\"\n                    height=\"160\"\n                    style=\"max-width:100%;\"\n                \/>\n            <\/a>\n        <\/div>\n\t\t\t\t\t\t\t<\/div> \n\t\t\t\n\t\t\t\t<div id=\"ngg-image-2\" class=\"ngg-gallery-thumbnail-box \" >\n\t\t\t\t        <div class=\"ngg-gallery-thumbnail\">\n            <a href=\"https:\/\/xn--kemenesmagasiltalnosiskola-hfce.hu\/wp-content\/gallery\/foci-kupak-2023\/345455656_197124966554511_872145100238744626_n.jpg\"\n               title=\"\"\n               data-src=\"https:\/\/xn--kemenesmagasiltalnosiskola-hfce.hu\/wp-content\/gallery\/foci-kupak-2023\/345455656_197124966554511_872145100238744626_n.jpg\"\n               data-thumbnail=\"https:\/\/xn--kemenesmagasiltalnosiskola-hfce.hu\/wp-content\/gallery\/foci-kupak-2023\/thumbs\/thumbs_345455656_197124966554511_872145100238744626_n.jpg\"\n               data-image-id=\"385\"\n               data-title=\"345455656_197124966554511_872145100238744626_n\"\n               data-description=\"\"\n               data-image-slug=\"345455656_197124966554511_872145100238744626_n\"\n               class=\"ngg-simplelightbox\" rel=\"f1bd142f3de187867e087ba73173696e\">\n                <img\n                    title=\"345455656_197124966554511_872145100238744626_n\"\n                    alt=\"345455656_197124966554511_872145100238744626_n\"\n                    src=\"https:\/\/xn--kemenesmagasiltalnosiskola-hfce.hu\/wp-content\/gallery\/foci-kupak-2023\/thumbs\/thumbs_345455656_197124966554511_872145100238744626_n.jpg\"\n                    width=\"240\"\n                    height=\"160\"\n                    style=\"max-width:100%;\"\n                \/>\n            <\/a>\n        <\/div>\n\t\t\t\t\t\t\t<\/div> \n\t\t\t\n\t\t\t\t<div id=\"ngg-image-3\" class=\"ngg-gallery-thumbnail-box \" >\n\t\t\t\t        <div class=\"ngg-gallery-thumbnail\">\n            <a href=\"https:\/\/xn--kemenesmagasiltalnosiskola-hfce.hu\/wp-content\/gallery\/foci-kupak-2023\/346647586_9753466541345082_6488614903565129627_n.jpg\"\n               title=\"\"\n               data-src=\"https:\/\/xn--kemenesmagasiltalnosiskola-hfce.hu\/wp-content\/gallery\/foci-kupak-2023\/346647586_9753466541345082_6488614903565129627_n.jpg\"\n               data-thumbnail=\"https:\/\/xn--kemenesmagasiltalnosiskola-hfce.hu\/wp-content\/gallery\/foci-kupak-2023\/thumbs\/thumbs_346647586_9753466541345082_6488614903565129627_n.jpg\"\n               data-image-id=\"386\"\n               data-title=\"346647586_9753466541345082_6488614903565129627_n\"\n               data-description=\"\"\n               data-image-slug=\"346647586_9753466541345082_6488614903565129627_n\"\n               class=\"ngg-simplelightbox\" rel=\"f1bd142f3de187867e087ba73173696e\">\n                <img\n                    title=\"346647586_9753466541345082_6488614903565129627_n\"\n                    alt=\"346647586_9753466541345082_6488614903565129627_n\"\n                    src=\"https:\/\/xn--kemenesmagasiltalnosiskola-hfce.hu\/wp-content\/gallery\/foci-kupak-2023\/thumbs\/thumbs_346647586_9753466541345082_6488614903565129627_n.jpg\"\n                    width=\"240\"\n                    height=\"160\"\n                    style=\"max-width:100%;\"\n                \/>\n            <\/a>\n        <\/div>\n\t\t\t\t\t\t\t<\/div> \n\t\t\t\n\t\t\t\t<div id=\"ngg-image-4\" class=\"ngg-gallery-thumbnail-box \" >\n\t\t\t\t        <div class=\"ngg-gallery-thumbnail\">\n            <a href=\"https:\/\/xn--kemenesmagasiltalnosiskola-hfce.hu\/wp-content\/gallery\/foci-kupak-2023\/347415138_9753380854686984_4620518327791172629_n.jpg\"\n               title=\"\"\n               data-src=\"https:\/\/xn--kemenesmagasiltalnosiskola-hfce.hu\/wp-content\/gallery\/foci-kupak-2023\/347415138_9753380854686984_4620518327791172629_n.jpg\"\n               data-thumbnail=\"https:\/\/xn--kemenesmagasiltalnosiskola-hfce.hu\/wp-content\/gallery\/foci-kupak-2023\/thumbs\/thumbs_347415138_9753380854686984_4620518327791172629_n.jpg\"\n               data-image-id=\"387\"\n               data-title=\"347415138_9753380854686984_4620518327791172629_n\"\n               data-description=\"\"\n               data-image-slug=\"347415138_9753380854686984_4620518327791172629_n\"\n               class=\"ngg-simplelightbox\" rel=\"f1bd142f3de187867e087ba73173696e\">\n                <img\n                    title=\"347415138_9753380854686984_4620518327791172629_n\"\n                    alt=\"347415138_9753380854686984_4620518327791172629_n\"\n                    src=\"https:\/\/xn--kemenesmagasiltalnosiskola-hfce.hu\/wp-content\/gallery\/foci-kupak-2023\/thumbs\/thumbs_347415138_9753380854686984_4620518327791172629_n.jpg\"\n                    width=\"240\"\n                    height=\"160\"\n                    style=\"max-width:100%;\"\n                \/>\n            <\/a>\n        <\/div>\n\t\t\t\t\t\t\t<\/div> \n\t\t\t\n\t\n\t<br style=\"clear: both\" \/>\n\n\t\n\t\t<!-- Pagination -->\n\t<div class='ngg-clear'><\/div>\t<\/div>\n<\/div>\n","protected":false},"excerpt":{"rendered":"<p>\u00c1prilis 3. Iskol\u00e1nk l\u00e1nycsapata r\u00e9szt vett a S\u00e1rv\u00e1ron megrendezett kist\u00e9rs\u00e9gi di\u00e1kolimpia megyei el\u0151d\u00f6nt\u0151j\u00e9n. L\u00e1nycsapattal ilyen torn\u00e1ra az iskola t\u00f6rt\u00e9nete sor\u00e1n el\u0151sz\u00f6r nevezt\u00fcnk. Az irre\u00e1lis id\u0151j\u00e1r\u00e1s ellen\u00e9re lelkesen, harcosan, becs\u00fclettel k\u00fczd\u00f6ttek, helyenk\u00e9nt l\u00e1tv\u00e1nyos megold\u00e1sokat mutattak be l\u00e1nyaink. Sajnos ezen a napon a szerencse sem volt vel\u00fcnk, \u00edgy a 4. helyen v\u00e9gezt\u00fcnk. Ett\u0151l f\u00fcggetlen\u00fcl d\u00edcs\u00e9ret illeti a&#8230;<\/p>\n<p class=\"more-link-wrap\"><a href=\"https:\/\/xn--kemenesmagasiltalnosiskola-hfce.hu\/index.php\/2023\/06\/13\/foci-minden-mennyisegben\/\" class=\"more-link\">Tov\u00e1bb<span class=\"screen-reader-text\"> &ldquo;FOCI MINDEN MENNYIS\u00c9GBEN :-)&rdquo;<\/span> &raquo;<\/a><\/p>\n","protected":false},"author":1,"featured_media":2012,"comment_status":"closed","ping_status":"open","sticky":false,"template":"","format":"standard","meta":{"ngg_post_thumbnail":0,"footnotes":""},"categories":[1],"tags":[],"class_list":["post-2004","post","type-post","status-publish","format-standard","has-post-thumbnail","hentry","category-uncategorized"],"jetpack_featured_media_url":"https:\/\/xn--kemenesmagasiltalnosiskola-hfce.hu\/wp-content\/uploads\/2023\/06\/347415138_9753380854686984_4620518327791172629_n.jpg","_links":{"self":[{"href":"https:\/\/xn--kemenesmagasiltalnosiskola-hfce.hu\/index.php\/wp-json\/wp\/v2\/posts\/2004","targetHints":{"allow":["GET"]}}],"collection":[{"href":"https:\/\/xn--kemenesmagasiltalnosiskola-hfce.hu\/index.php\/wp-json\/wp\/v2\/posts"}],"about":[{"href":"https:\/\/xn--kemenesmagasiltalnosiskola-hfce.hu\/index.php\/wp-json\/wp\/v2\/types\/post"}],"author":[{"embeddable":true,"href":"https:\/\/xn--kemenesmagasiltalnosiskola-hfce.hu\/index.php\/wp-json\/wp\/v2\/users\/1"}],"replies":[{"embeddable":true,"href":"https:\/\/xn--kemenesmagasiltalnosiskola-hfce.hu\/index.php\/wp-json\/wp\/v2\/comments?post=2004"}],"version-history":[{"count":4,"href":"https:\/\/xn--kemenesmagasiltalnosiskola-hfce.hu\/index.php\/wp-json\/wp\/v2\/posts\/2004\/revisions"}],"predecessor-version":[{"id":2054,"href":"https:\/\/xn--kemenesmagasiltalnosiskola-hfce.hu\/index.php\/wp-json\/wp\/v2\/posts\/2004\/revisions\/2054"}],"wp:featuredmedia":[{"embeddable":true,"href":"https:\/\/xn--kemenesmagasiltalnosiskola-hfce.hu\/index.php\/wp-json\/wp\/v2\/media\/2012"}],"wp:attachment":[{"href":"https:\/\/xn--kemenesmagasiltalnosiskola-hfce.hu\/index.php\/wp-json\/wp\/v2\/media?parent=2004"}],"wp:term":[{"taxonomy":"category","embeddable":true,"href":"https:\/\/xn--kemenesmagasiltalnosiskola-hfce.hu\/index.php\/wp-json\/wp\/v2\/categories?post=2004"},{"taxonomy":"post_tag","embeddable":true,"href":"https:\/\/xn--kemenesmagasiltalnosiskola-hfce.hu\/index.php\/wp-json\/wp\/v2\/tags?post=2004"}],"curies":[{"name":"wp","href":"https:\/\/api.w.org\/{rel}","templated":true}]}}