{"id":1946,"date":"2023-08-18T13:17:08","date_gmt":"2023-08-18T13:17:08","guid":{"rendered":"https:\/\/xn--kemenesmagasiltalnosiskola-hfce.hu\/?p=1946"},"modified":"2023-09-08T13:21:52","modified_gmt":"2023-09-08T13:21:52","slug":"a-kemenesmagasi-katolikus-hittanosok-nyari-vasarnapjai","status":"publish","type":"post","link":"https:\/\/xn--kemenesmagasiltalnosiskola-hfce.hu\/index.php\/2023\/08\/18\/a-kemenesmagasi-katolikus-hittanosok-nyari-vasarnapjai\/","title":{"rendered":"A kemenesmagasi katolikus hittanosok ny\u00e1ri vas\u00e1rnapjai"},"content":{"rendered":"<h6 class=\"x1heor9g x1qlqyl8 x1pd3egz x1a2a7pz xod5an3 x14vqqas\"><span class=\"x193iq5w xeuugli x13faqbe x1vvkbs x1xmvt09 x1603h9y x1u7k74 xo1l8bm xzsf02u\"><i>&#8222;Otthonom a templom.<br \/>\nAjtaj\u00e1n bel\u00e9pve mindig haza\u00e9rek,<br \/>\nIsmer\u0151sen csend\u00fcl f\u00fclembe az \u00e9nek,<br \/>\nMintha minden hangja simogat\u00e1s lenne!<br \/>\n\u00c9gi Aty\u00e1m keze simogat meg benne.&#8221;<\/i><\/span><\/h6>\n<p class=\"x1heor9g x1qlqyl8 x1pd3egz x1a2a7pz xod5an3 x14vqqas\"><span class=\"x193iq5w xeuugli x13faqbe x1vvkbs x1xmvt09 x1603h9y x1u7k74 xo1l8bm xzsf02u\">A ny\u00e1ri sz\u00fcnetben is gyerekek nevet\u00e9se t\u00f6lt\u00f6tte meg kis templomunkat. Ha nem volt szertart\u00e1s, daltanul\u00e1ssal, bibliai t\u00f6rt\u00e9netek megismer\u00e9s\u00e9vel \u00e9s j\u00e1t\u00e9kkal, k\u00e9zm\u0171vesked\u00e9ssel \u00fcnnepelt\u00fck meg az \u00dar napj\u00e1t.<\/span><\/p>\n<p class=\"x1heor9g x1qlqyl8 x1pd3egz x1a2a7pz xod5an3 x14vqqas\"><span class=\"x193iq5w xeuugli x13faqbe x1vvkbs x1xmvt09 x1603h9y x1u7k74 xo1l8bm xzsf02u\">A ny\u00e1ri sz\u00fcnet vas\u00e1rnapjain lisztet gy\u0171jt\u00f6ttek a gyerekek, hogy majd augusztus 20-\u00e1ra kenyeret s\u00fcssenek bel\u0151le.<\/span><\/p>\n<!-- default-view.php -->\n<div\n\tclass=\"ngg-galleryoverview default-view \"\n\tid=\"ngg-gallery-efe1dc30cf29a6233ffabc9c101985c2-1\">\n\n\t\t<!-- Thumbnails -->\n\t\t\t\t<div id=\"ngg-image-0\" class=\"ngg-gallery-thumbnail-box \" >\n\t\t\t\t        <div class=\"ngg-gallery-thumbnail\">\n            <a href=\"https:\/\/xn--kemenesmagasiltalnosiskola-hfce.hu\/wp-content\/gallery\/katolikus-nyar2023\/received_989529678763363.jpeg\"\n               title=\"\"\n               data-src=\"https:\/\/xn--kemenesmagasiltalnosiskola-hfce.hu\/wp-content\/gallery\/katolikus-nyar2023\/received_989529678763363.jpeg\"\n               data-thumbnail=\"https:\/\/xn--kemenesmagasiltalnosiskola-hfce.hu\/wp-content\/gallery\/katolikus-nyar2023\/thumbs\/thumbs_received_989529678763363.jpeg\"\n               data-image-id=\"360\"\n               data-title=\"received_989529678763363\"\n               data-description=\"\"\n               data-image-slug=\"received_989529678763363\"\n               class=\"ngg-simplelightbox\" rel=\"efe1dc30cf29a6233ffabc9c101985c2\">\n                <img\n                    title=\"received_989529678763363\"\n                    alt=\"received_989529678763363\"\n                    src=\"https:\/\/xn--kemenesmagasiltalnosiskola-hfce.hu\/wp-content\/gallery\/katolikus-nyar2023\/thumbs\/thumbs_received_989529678763363.jpeg\"\n                    width=\"240\"\n                    height=\"160\"\n                    style=\"max-width:100%;\"\n                \/>\n            <\/a>\n        <\/div>\n\t\t\t\t\t\t\t<\/div> \n\t\t\t\n\t\t\t\t<div id=\"ngg-image-1\" class=\"ngg-gallery-thumbnail-box \" >\n\t\t\t\t        <div class=\"ngg-gallery-thumbnail\">\n            <a href=\"https:\/\/xn--kemenesmagasiltalnosiskola-hfce.hu\/wp-content\/gallery\/katolikus-nyar2023\/received_1964496267264241.jpeg\"\n               title=\"\"\n               data-src=\"https:\/\/xn--kemenesmagasiltalnosiskola-hfce.hu\/wp-content\/gallery\/katolikus-nyar2023\/received_1964496267264241.jpeg\"\n               data-thumbnail=\"https:\/\/xn--kemenesmagasiltalnosiskola-hfce.hu\/wp-content\/gallery\/katolikus-nyar2023\/thumbs\/thumbs_received_1964496267264241.jpeg\"\n               data-image-id=\"361\"\n               data-title=\"received_1964496267264241\"\n               data-description=\"\"\n               data-image-slug=\"received_1964496267264241\"\n               class=\"ngg-simplelightbox\" rel=\"efe1dc30cf29a6233ffabc9c101985c2\">\n                <img\n                    title=\"received_1964496267264241\"\n                    alt=\"received_1964496267264241\"\n                    src=\"https:\/\/xn--kemenesmagasiltalnosiskola-hfce.hu\/wp-content\/gallery\/katolikus-nyar2023\/thumbs\/thumbs_received_1964496267264241.jpeg\"\n                    width=\"240\"\n                    height=\"160\"\n                    style=\"max-width:100%;\"\n                \/>\n            <\/a>\n        <\/div>\n\t\t\t\t\t\t\t<\/div> \n\t\t\t\n\t\t\t\t<div id=\"ngg-image-2\" class=\"ngg-gallery-thumbnail-box \" >\n\t\t\t\t        <div class=\"ngg-gallery-thumbnail\">\n            <a href=\"https:\/\/xn--kemenesmagasiltalnosiskola-hfce.hu\/wp-content\/gallery\/katolikus-nyar2023\/received_585715173745401.jpeg\"\n               title=\"\"\n               data-src=\"https:\/\/xn--kemenesmagasiltalnosiskola-hfce.hu\/wp-content\/gallery\/katolikus-nyar2023\/received_585715173745401.jpeg\"\n               data-thumbnail=\"https:\/\/xn--kemenesmagasiltalnosiskola-hfce.hu\/wp-content\/gallery\/katolikus-nyar2023\/thumbs\/thumbs_received_585715173745401.jpeg\"\n               data-image-id=\"362\"\n               data-title=\"received_585715173745401\"\n               data-description=\"\"\n               data-image-slug=\"received_585715173745401\"\n               class=\"ngg-simplelightbox\" rel=\"efe1dc30cf29a6233ffabc9c101985c2\">\n                <img\n                    title=\"received_585715173745401\"\n                    alt=\"received_585715173745401\"\n                    src=\"https:\/\/xn--kemenesmagasiltalnosiskola-hfce.hu\/wp-content\/gallery\/katolikus-nyar2023\/thumbs\/thumbs_received_585715173745401.jpeg\"\n                    width=\"240\"\n                    height=\"160\"\n                    style=\"max-width:100%;\"\n                \/>\n            <\/a>\n        <\/div>\n\t\t\t\t\t\t\t<\/div> \n\t\t\t\n\t\t\t\t<div id=\"ngg-image-3\" class=\"ngg-gallery-thumbnail-box \" >\n\t\t\t\t        <div class=\"ngg-gallery-thumbnail\">\n            <a href=\"https:\/\/xn--kemenesmagasiltalnosiskola-hfce.hu\/wp-content\/gallery\/katolikus-nyar2023\/20230730_092159.jpg\"\n               title=\"\"\n               data-src=\"https:\/\/xn--kemenesmagasiltalnosiskola-hfce.hu\/wp-content\/gallery\/katolikus-nyar2023\/20230730_092159.jpg\"\n               data-thumbnail=\"https:\/\/xn--kemenesmagasiltalnosiskola-hfce.hu\/wp-content\/gallery\/katolikus-nyar2023\/thumbs\/thumbs_20230730_092159.jpg\"\n               data-image-id=\"363\"\n               data-title=\"20230730_092159\"\n               data-description=\"\"\n               data-image-slug=\"20230730_092159\"\n               class=\"ngg-simplelightbox\" rel=\"efe1dc30cf29a6233ffabc9c101985c2\">\n                <img\n                    title=\"20230730_092159\"\n                    alt=\"20230730_092159\"\n                    src=\"https:\/\/xn--kemenesmagasiltalnosiskola-hfce.hu\/wp-content\/gallery\/katolikus-nyar2023\/thumbs\/thumbs_20230730_092159.jpg\"\n                    width=\"240\"\n                    height=\"160\"\n                    style=\"max-width:100%;\"\n                \/>\n            <\/a>\n        <\/div>\n\t\t\t\t\t\t\t<\/div> \n\t\t\t\n\t\t\t\t<div id=\"ngg-image-4\" class=\"ngg-gallery-thumbnail-box \" >\n\t\t\t\t        <div class=\"ngg-gallery-thumbnail\">\n            <a href=\"https:\/\/xn--kemenesmagasiltalnosiskola-hfce.hu\/wp-content\/gallery\/katolikus-nyar2023\/20230730_095839.jpg\"\n               title=\"\"\n               data-src=\"https:\/\/xn--kemenesmagasiltalnosiskola-hfce.hu\/wp-content\/gallery\/katolikus-nyar2023\/20230730_095839.jpg\"\n               data-thumbnail=\"https:\/\/xn--kemenesmagasiltalnosiskola-hfce.hu\/wp-content\/gallery\/katolikus-nyar2023\/thumbs\/thumbs_20230730_095839.jpg\"\n               data-image-id=\"364\"\n               data-title=\"20230730_095839\"\n               data-description=\"\"\n               data-image-slug=\"20230730_095839\"\n               class=\"ngg-simplelightbox\" rel=\"efe1dc30cf29a6233ffabc9c101985c2\">\n                <img\n                    title=\"20230730_095839\"\n                    alt=\"20230730_095839\"\n                    src=\"https:\/\/xn--kemenesmagasiltalnosiskola-hfce.hu\/wp-content\/gallery\/katolikus-nyar2023\/thumbs\/thumbs_20230730_095839.jpg\"\n                    width=\"240\"\n                    height=\"160\"\n                    style=\"max-width:100%;\"\n                \/>\n            <\/a>\n        <\/div>\n\t\t\t\t\t\t\t<\/div> \n\t\t\t\n\t\t\t\t<div id=\"ngg-image-5\" class=\"ngg-gallery-thumbnail-box \" >\n\t\t\t\t        <div class=\"ngg-gallery-thumbnail\">\n            <a href=\"https:\/\/xn--kemenesmagasiltalnosiskola-hfce.hu\/wp-content\/gallery\/katolikus-nyar2023\/20230730_095833.jpg\"\n               title=\"\"\n               data-src=\"https:\/\/xn--kemenesmagasiltalnosiskola-hfce.hu\/wp-content\/gallery\/katolikus-nyar2023\/20230730_095833.jpg\"\n               data-thumbnail=\"https:\/\/xn--kemenesmagasiltalnosiskola-hfce.hu\/wp-content\/gallery\/katolikus-nyar2023\/thumbs\/thumbs_20230730_095833.jpg\"\n               data-image-id=\"365\"\n               data-title=\"20230730_095833\"\n               data-description=\"\"\n               data-image-slug=\"20230730_095833\"\n               class=\"ngg-simplelightbox\" rel=\"efe1dc30cf29a6233ffabc9c101985c2\">\n                <img\n                    title=\"20230730_095833\"\n                    alt=\"20230730_095833\"\n                    src=\"https:\/\/xn--kemenesmagasiltalnosiskola-hfce.hu\/wp-content\/gallery\/katolikus-nyar2023\/thumbs\/thumbs_20230730_095833.jpg\"\n                    width=\"240\"\n                    height=\"160\"\n                    style=\"max-width:100%;\"\n                \/>\n            <\/a>\n        <\/div>\n\t\t\t\t\t\t\t<\/div> \n\t\t\t\n\t\n\t<br style=\"clear: both\" \/>\n\n\t\n\t\t<!-- Pagination -->\n\t<div class='ngg-clear'><\/div>\t<\/div>\n\n","protected":false},"excerpt":{"rendered":"<p>&#8222;Otthonom a templom. Ajtaj\u00e1n bel\u00e9pve mindig haza\u00e9rek, Ismer\u0151sen csend\u00fcl f\u00fclembe az \u00e9nek, Mintha minden hangja simogat\u00e1s lenne! \u00c9gi Aty\u00e1m keze simogat meg benne.&#8221; A ny\u00e1ri sz\u00fcnetben is gyerekek nevet\u00e9se t\u00f6lt\u00f6tte meg kis templomunkat. Ha nem volt szertart\u00e1s, daltanul\u00e1ssal, bibliai t\u00f6rt\u00e9netek megismer\u00e9s\u00e9vel \u00e9s j\u00e1t\u00e9kkal, k\u00e9zm\u0171vesked\u00e9ssel \u00fcnnepelt\u00fck meg az \u00dar napj\u00e1t. A ny\u00e1ri sz\u00fcnet vas\u00e1rnapjain lisztet gy\u0171jt\u00f6ttek&#8230;<\/p>\n<p class=\"more-link-wrap\"><a href=\"https:\/\/xn--kemenesmagasiltalnosiskola-hfce.hu\/index.php\/2023\/08\/18\/a-kemenesmagasi-katolikus-hittanosok-nyari-vasarnapjai\/\" class=\"more-link\">Tov\u00e1bb<span class=\"screen-reader-text\"> &ldquo;A kemenesmagasi katolikus hittanosok ny\u00e1ri vas\u00e1rnapjai&rdquo;<\/span> &raquo;<\/a><\/p>\n","protected":false},"author":1,"featured_media":1956,"comment_status":"closed","ping_status":"open","sticky":false,"template":"","format":"standard","meta":{"ngg_post_thumbnail":0,"footnotes":""},"categories":[1],"tags":[],"class_list":["post-1946","post","type-post","status-publish","format-standard","has-post-thumbnail","hentry","category-uncategorized"],"jetpack_featured_media_url":"https:\/\/xn--kemenesmagasiltalnosiskola-hfce.hu\/wp-content\/uploads\/2023\/08\/received_238553415713353.jpeg","_links":{"self":[{"href":"https:\/\/xn--kemenesmagasiltalnosiskola-hfce.hu\/index.php\/wp-json\/wp\/v2\/posts\/1946","targetHints":{"allow":["GET"]}}],"collection":[{"href":"https:\/\/xn--kemenesmagasiltalnosiskola-hfce.hu\/index.php\/wp-json\/wp\/v2\/posts"}],"about":[{"href":"https:\/\/xn--kemenesmagasiltalnosiskola-hfce.hu\/index.php\/wp-json\/wp\/v2\/types\/post"}],"author":[{"embeddable":true,"href":"https:\/\/xn--kemenesmagasiltalnosiskola-hfce.hu\/index.php\/wp-json\/wp\/v2\/users\/1"}],"replies":[{"embeddable":true,"href":"https:\/\/xn--kemenesmagasiltalnosiskola-hfce.hu\/index.php\/wp-json\/wp\/v2\/comments?post=1946"}],"version-history":[{"count":3,"href":"https:\/\/xn--kemenesmagasiltalnosiskola-hfce.hu\/index.php\/wp-json\/wp\/v2\/posts\/1946\/revisions"}],"predecessor-version":[{"id":1957,"href":"https:\/\/xn--kemenesmagasiltalnosiskola-hfce.hu\/index.php\/wp-json\/wp\/v2\/posts\/1946\/revisions\/1957"}],"wp:featuredmedia":[{"embeddable":true,"href":"https:\/\/xn--kemenesmagasiltalnosiskola-hfce.hu\/index.php\/wp-json\/wp\/v2\/media\/1956"}],"wp:attachment":[{"href":"https:\/\/xn--kemenesmagasiltalnosiskola-hfce.hu\/index.php\/wp-json\/wp\/v2\/media?parent=1946"}],"wp:term":[{"taxonomy":"category","embeddable":true,"href":"https:\/\/xn--kemenesmagasiltalnosiskola-hfce.hu\/index.php\/wp-json\/wp\/v2\/categories?post=1946"},{"taxonomy":"post_tag","embeddable":true,"href":"https:\/\/xn--kemenesmagasiltalnosiskola-hfce.hu\/index.php\/wp-json\/wp\/v2\/tags?post=1946"}],"curies":[{"name":"wp","href":"https:\/\/api.w.org\/{rel}","templated":true}]}}