{"id":1421,"date":"2022-05-30T07:00:20","date_gmt":"2022-05-30T07:00:20","guid":{"rendered":"https:\/\/xn--kemenesmagasiltalnosiskola-hfce.hu\/?p=1421"},"modified":"2022-07-22T12:33:39","modified_gmt":"2022-07-22T12:33:39","slug":"levelezos-foldrajz-verseny","status":"publish","type":"post","link":"https:\/\/xn--kemenesmagasiltalnosiskola-hfce.hu\/index.php\/2022\/05\/30\/levelezos-foldrajz-verseny\/","title":{"rendered":"Levelez\u0151s f\u00f6ldrajz verseny"},"content":{"rendered":"<p>Kar\u00e1di Enik\u0151 \u00edr\u00e1sa: A tavalyi \u00e9vhez hasonl\u00f3an iskol\u00e1nk id\u00e9n is r\u00e9szt vett a Vil\u00e1gj\u00e1r\u00f3 levelez\u0151s orsz\u00e1gos f\u00f6ldrajzversenyen. Ebben a tan\u00e9vben <strong>Kov\u00e1cs Kira \u00e9s Nagy Regina<\/strong> 7.oszt\u00e1lyos, valamint <strong>Bella Ninett<\/strong> 8.oszt\u00e1lyos tanul\u00f3 k\u00e9pviselte int\u00e9zm\u00e9ny\u00fcnket. A 4 fordul\u00f3 sor\u00e1n v\u00e1ltozatos t\u00e9mak\u00f6r\u00f6kkel tal\u00e1lkozhattak a versenyz\u0151k. A fordul\u00f3kban nemcsak k\u00e9rd\u00e9sekre kellett v\u00e1laszolni, hanem k\u00fcl\u00f6nb\u00f6z\u0151 projektfeladatokat oldottak meg a gyerekek, \u00f6kov\u00e1rost terveztek, plak\u00e1tot k\u00e9sz\u00edtettek, napl\u00f3bejegyz\u00e9st \u00edrtak. A verseny sor\u00e1n olyan t\u00e9mak\u00f6r\u00f6kkel ismerkedhettek meg, melyekkel a f\u00f6ldrajz \u00f3ra keretein bel\u00fcl csak \u00e9rint\u0151legesen tal\u00e1lkozhatnak. A t\u00f6bb mint 70 r\u00e9sztvev\u0151 csapat k\u00f6z\u00fcl <span style=\"font-size: 1.0625rem;\">a l\u00e1nyok az el\u0151kel\u0151 6.he<\/span><span style=\"font-size: 1.0625rem;\">lyen v\u00e9geztek.<\/span><\/p>\n<p><img loading=\"lazy\" decoding=\"async\" class=\"alignnone size-medium wp-image-1436\" style=\"font-size: 1.0625rem;\" src=\"https:\/\/xn--kemenesmagasiltalnosiskola-hfce.hu\/wp-content\/uploads\/2022\/05\/279530803_1424860864630845_6225746257558618359_n-300x212.jpg\" alt=\"\" width=\"300\" height=\"212\" srcset=\"https:\/\/xn--kemenesmagasiltalnosiskola-hfce.hu\/wp-content\/uploads\/2022\/05\/279530803_1424860864630845_6225746257558618359_n-300x212.jpg 300w, https:\/\/xn--kemenesmagasiltalnosiskola-hfce.hu\/wp-content\/uploads\/2022\/05\/279530803_1424860864630845_6225746257558618359_n-768x543.jpg 768w, https:\/\/xn--kemenesmagasiltalnosiskola-hfce.hu\/wp-content\/uploads\/2022\/05\/279530803_1424860864630845_6225746257558618359_n.jpg 960w\" sizes=\"auto, (max-width: 300px) 100vw, 300px\" \/><\/p>\n<p>&nbsp;<\/p>\n","protected":false},"excerpt":{"rendered":"<p>Kar\u00e1di Enik\u0151 \u00edr\u00e1sa: A tavalyi \u00e9vhez hasonl\u00f3an iskol\u00e1nk id\u00e9n is r\u00e9szt vett a Vil\u00e1gj\u00e1r\u00f3 levelez\u0151s orsz\u00e1gos f\u00f6ldrajzversenyen. Ebben a tan\u00e9vben Kov\u00e1cs Kira \u00e9s Nagy Regina 7.oszt\u00e1lyos, valamint Bella Ninett 8.oszt\u00e1lyos tanul\u00f3 k\u00e9pviselte int\u00e9zm\u00e9ny\u00fcnket. A 4 fordul\u00f3 sor\u00e1n v\u00e1ltozatos t\u00e9mak\u00f6r\u00f6kkel tal\u00e1lkozhattak a versenyz\u0151k. A fordul\u00f3kban nemcsak k\u00e9rd\u00e9sekre kellett v\u00e1laszolni, hanem k\u00fcl\u00f6nb\u00f6z\u0151 projektfeladatokat oldottak meg a gyerekek,&#8230;<\/p>\n<p class=\"more-link-wrap\"><a href=\"https:\/\/xn--kemenesmagasiltalnosiskola-hfce.hu\/index.php\/2022\/05\/30\/levelezos-foldrajz-verseny\/\" class=\"more-link\">Tov\u00e1bb<span class=\"screen-reader-text\"> &ldquo;Levelez\u0151s f\u00f6ldrajz verseny&rdquo;<\/span> &raquo;<\/a><\/p>\n","protected":false},"author":1,"featured_media":1433,"comment_status":"closed","ping_status":"open","sticky":false,"template":"","format":"standard","meta":{"ngg_post_thumbnail":0,"footnotes":""},"categories":[1],"tags":[],"class_list":["post-1421","post","type-post","status-publish","format-standard","has-post-thumbnail","hentry","category-uncategorized"],"jetpack_featured_media_url":"https:\/\/xn--kemenesmagasiltalnosiskola-hfce.hu\/wp-content\/uploads\/2022\/05\/280273664_1215357502538908_8941832800915904863_n.jpg","_links":{"self":[{"href":"https:\/\/xn--kemenesmagasiltalnosiskola-hfce.hu\/index.php\/wp-json\/wp\/v2\/posts\/1421","targetHints":{"allow":["GET"]}}],"collection":[{"href":"https:\/\/xn--kemenesmagasiltalnosiskola-hfce.hu\/index.php\/wp-json\/wp\/v2\/posts"}],"about":[{"href":"https:\/\/xn--kemenesmagasiltalnosiskola-hfce.hu\/index.php\/wp-json\/wp\/v2\/types\/post"}],"author":[{"embeddable":true,"href":"https:\/\/xn--kemenesmagasiltalnosiskola-hfce.hu\/index.php\/wp-json\/wp\/v2\/users\/1"}],"replies":[{"embeddable":true,"href":"https:\/\/xn--kemenesmagasiltalnosiskola-hfce.hu\/index.php\/wp-json\/wp\/v2\/comments?post=1421"}],"version-history":[{"count":6,"href":"https:\/\/xn--kemenesmagasiltalnosiskola-hfce.hu\/index.php\/wp-json\/wp\/v2\/posts\/1421\/revisions"}],"predecessor-version":[{"id":1437,"href":"https:\/\/xn--kemenesmagasiltalnosiskola-hfce.hu\/index.php\/wp-json\/wp\/v2\/posts\/1421\/revisions\/1437"}],"wp:featuredmedia":[{"embeddable":true,"href":"https:\/\/xn--kemenesmagasiltalnosiskola-hfce.hu\/index.php\/wp-json\/wp\/v2\/media\/1433"}],"wp:attachment":[{"href":"https:\/\/xn--kemenesmagasiltalnosiskola-hfce.hu\/index.php\/wp-json\/wp\/v2\/media?parent=1421"}],"wp:term":[{"taxonomy":"category","embeddable":true,"href":"https:\/\/xn--kemenesmagasiltalnosiskola-hfce.hu\/index.php\/wp-json\/wp\/v2\/categories?post=1421"},{"taxonomy":"post_tag","embeddable":true,"href":"https:\/\/xn--kemenesmagasiltalnosiskola-hfce.hu\/index.php\/wp-json\/wp\/v2\/tags?post=1421"}],"curies":[{"name":"wp","href":"https:\/\/api.w.org\/{rel}","templated":true}]}}