{"id":1268,"date":"2022-04-15T12:17:26","date_gmt":"2022-04-15T12:17:26","guid":{"rendered":"https:\/\/xn--kemenesmagasiltalnosiskola-hfce.hu\/?p=1268"},"modified":"2022-04-15T13:25:40","modified_gmt":"2022-04-15T13:25:40","slug":"keresztuti-ajtatossagon-vettek-reszt-a-katolikus-hittanos-gyerekek","status":"publish","type":"post","link":"https:\/\/xn--kemenesmagasiltalnosiskola-hfce.hu\/index.php\/2022\/04\/15\/keresztuti-ajtatossagon-vettek-reszt-a-katolikus-hittanos-gyerekek\/","title":{"rendered":"Kereszt\u00fati \u00e1jtatoss\u00e1gon vettek r\u00e9szt a katolikus hittanos gyerekek"},"content":{"rendered":"<div class=\"bi6gxh9e\"><span class=\"d2edcug0 hpfvmrgz qv66sw1b c1et5uql lr9zc1uh jq4qci2q a3bd9o3v b1v8xokw oo9gr5id\">A sz\u00fcnet el\u0151tti utols\u00f3 napon a katolikus gyerekek W\u00e4chtern\u00e9 Lakatos \u00c1gnes hitoktat\u00f3 vezet\u00e9s\u00e9vel felid\u00e9zt\u00e9k J\u00e9zus szenved\u00e9s\u00e9nek, kereszt\u00fatj\u00e1nak t\u00f6rt\u00e9n\u00e9seit. A kemenesmagasi katolikus templomban egy\u00fctt im\u00e1dkoztak \u00e9s \u00e9nekeltek kicsik \u00e9s nagyok.<\/span><\/div>\n<div class=\"bi6gxh9e\"><span class=\"d2edcug0 hpfvmrgz qv66sw1b c1et5uql lr9zc1uh jq4qci2q a3bd9o3v b1v8xokw oo9gr5id\"><i>&#8222;Kereszt\u00faton k\u00f6vet\u00fcnk, J\u00e9zus T\u00e9ged szeret\u00fcnk!<\/i><\/span><\/div>\n<div class=\"bi6gxh9e\"><span class=\"d2edcug0 hpfvmrgz qv66sw1b c1et5uql lr9zc1uh jq4qci2q a3bd9o3v b1v8xokw oo9gr5id\"><i>Szenved\u00e9sed \u00e9gi jel, \u00edgy jutunk a mennybe fel!&#8221;<\/i><\/span><\/div>\n<div class=\"bi6gxh9e\"><span class=\"d2edcug0 hpfvmrgz qv66sw1b c1et5uql lr9zc1uh jq4qci2q a3bd9o3v b1v8xokw oo9gr5id\">A szertart\u00e1s v\u00e9g\u00e9n a r\u00e9sztvev\u0151k a felt\u00e1mad\u00e1s \u00f6r\u00f6m\u00e9ben gazdag, \u00e1ldott \u00fcnnepet k\u00edv\u00e1ntak egym\u00e1snak.<\/span><\/div>\n<div class=\"bi6gxh9e\"><span class=\"d2edcug0 hpfvmrgz qv66sw1b c1et5uql lr9zc1uh jq4qci2q a3bd9o3v b1v8xokw oo9gr5id\"><i><b>F\u00f6lt\u00e1madt Krisztus! &#8211; Val\u00f3ban f\u00f6lt\u00e1madt!<\/b><\/i>&nbsp;(katolikus k\u00f6sz\u00f6n\u00e9s h\u00fasv\u00e9tkor)<\/span><\/div>\n<div class=\"bi6gxh9e\"><!-- default-view.php -->\n<div\n\tclass=\"ngg-galleryoverview default-view \"\n\tid=\"ngg-gallery-3ca0945c2956c997678532ec5824ffbd-1\">\n\n\t\t<!-- Thumbnails -->\n\t\t\t\t<div id=\"ngg-image-0\" class=\"ngg-gallery-thumbnail-box \" >\n\t\t\t\t        <div class=\"ngg-gallery-thumbnail\">\n            <a href=\"https:\/\/xn--kemenesmagasiltalnosiskola-hfce.hu\/wp-content\/gallery\/keresztut-2022\/20220413_142342.jpg\"\n               title=\"\"\n               data-src=\"https:\/\/xn--kemenesmagasiltalnosiskola-hfce.hu\/wp-content\/gallery\/keresztut-2022\/20220413_142342.jpg\"\n               data-thumbnail=\"https:\/\/xn--kemenesmagasiltalnosiskola-hfce.hu\/wp-content\/gallery\/keresztut-2022\/thumbs\/thumbs_20220413_142342.jpg\"\n               data-image-id=\"187\"\n               data-title=\"20220413_142342\"\n               data-description=\"\"\n               data-image-slug=\"20220413_142342\"\n               class=\"ngg-simplelightbox\" rel=\"3ca0945c2956c997678532ec5824ffbd\">\n                <img\n                    title=\"20220413_142342\"\n                    alt=\"20220413_142342\"\n                    src=\"https:\/\/xn--kemenesmagasiltalnosiskola-hfce.hu\/wp-content\/gallery\/keresztut-2022\/thumbs\/thumbs_20220413_142342.jpg\"\n                    width=\"240\"\n                    height=\"160\"\n                    style=\"max-width:100%;\"\n                \/>\n            <\/a>\n        <\/div>\n\t\t\t\t\t\t\t<\/div> \n\t\t\t\n\t\t\t\t<div id=\"ngg-image-1\" class=\"ngg-gallery-thumbnail-box \" >\n\t\t\t\t        <div class=\"ngg-gallery-thumbnail\">\n            <a href=\"https:\/\/xn--kemenesmagasiltalnosiskola-hfce.hu\/wp-content\/gallery\/keresztut-2022\/20220413_142023.jpg\"\n               title=\"\"\n               data-src=\"https:\/\/xn--kemenesmagasiltalnosiskola-hfce.hu\/wp-content\/gallery\/keresztut-2022\/20220413_142023.jpg\"\n               data-thumbnail=\"https:\/\/xn--kemenesmagasiltalnosiskola-hfce.hu\/wp-content\/gallery\/keresztut-2022\/thumbs\/thumbs_20220413_142023.jpg\"\n               data-image-id=\"188\"\n               data-title=\"20220413_142023\"\n               data-description=\"\"\n               data-image-slug=\"20220413_142023\"\n               class=\"ngg-simplelightbox\" rel=\"3ca0945c2956c997678532ec5824ffbd\">\n                <img\n                    title=\"20220413_142023\"\n                    alt=\"20220413_142023\"\n                    src=\"https:\/\/xn--kemenesmagasiltalnosiskola-hfce.hu\/wp-content\/gallery\/keresztut-2022\/thumbs\/thumbs_20220413_142023.jpg\"\n                    width=\"240\"\n                    height=\"160\"\n                    style=\"max-width:100%;\"\n                \/>\n            <\/a>\n        <\/div>\n\t\t\t\t\t\t\t<\/div> \n\t\t\t\n\t\t\t\t<div id=\"ngg-image-2\" class=\"ngg-gallery-thumbnail-box \" >\n\t\t\t\t        <div class=\"ngg-gallery-thumbnail\">\n            <a href=\"https:\/\/xn--kemenesmagasiltalnosiskola-hfce.hu\/wp-content\/gallery\/keresztut-2022\/20220413_135921.jpg\"\n               title=\"\"\n               data-src=\"https:\/\/xn--kemenesmagasiltalnosiskola-hfce.hu\/wp-content\/gallery\/keresztut-2022\/20220413_135921.jpg\"\n               data-thumbnail=\"https:\/\/xn--kemenesmagasiltalnosiskola-hfce.hu\/wp-content\/gallery\/keresztut-2022\/thumbs\/thumbs_20220413_135921.jpg\"\n               data-image-id=\"189\"\n               data-title=\"20220413_135921\"\n               data-description=\"\"\n               data-image-slug=\"20220413_135921\"\n               class=\"ngg-simplelightbox\" rel=\"3ca0945c2956c997678532ec5824ffbd\">\n                <img\n                    title=\"20220413_135921\"\n                    alt=\"20220413_135921\"\n                    src=\"https:\/\/xn--kemenesmagasiltalnosiskola-hfce.hu\/wp-content\/gallery\/keresztut-2022\/thumbs\/thumbs_20220413_135921.jpg\"\n                    width=\"240\"\n                    height=\"160\"\n                    style=\"max-width:100%;\"\n                \/>\n            <\/a>\n        <\/div>\n\t\t\t\t\t\t\t<\/div> \n\t\t\t\n\t\t\t\t<div id=\"ngg-image-3\" class=\"ngg-gallery-thumbnail-box \" >\n\t\t\t\t        <div class=\"ngg-gallery-thumbnail\">\n            <a href=\"https:\/\/xn--kemenesmagasiltalnosiskola-hfce.hu\/wp-content\/gallery\/keresztut-2022\/20220413_142523.jpg\"\n               title=\"\"\n               data-src=\"https:\/\/xn--kemenesmagasiltalnosiskola-hfce.hu\/wp-content\/gallery\/keresztut-2022\/20220413_142523.jpg\"\n               data-thumbnail=\"https:\/\/xn--kemenesmagasiltalnosiskola-hfce.hu\/wp-content\/gallery\/keresztut-2022\/thumbs\/thumbs_20220413_142523.jpg\"\n               data-image-id=\"190\"\n               data-title=\"20220413_142523\"\n               data-description=\"\"\n               data-image-slug=\"20220413_142523\"\n               class=\"ngg-simplelightbox\" rel=\"3ca0945c2956c997678532ec5824ffbd\">\n                <img\n                    title=\"20220413_142523\"\n                    alt=\"20220413_142523\"\n                    src=\"https:\/\/xn--kemenesmagasiltalnosiskola-hfce.hu\/wp-content\/gallery\/keresztut-2022\/thumbs\/thumbs_20220413_142523.jpg\"\n                    width=\"240\"\n                    height=\"160\"\n                    style=\"max-width:100%;\"\n                \/>\n            <\/a>\n        <\/div>\n\t\t\t\t\t\t\t<\/div> \n\t\t\t\n\t\n\t<br style=\"clear: both\" \/>\n\n\t\n\t\t<!-- Pagination -->\n\t<div class='ngg-clear'><\/div>\t<\/div>\n<\/div>\n<p>&nbsp;<\/p>\n<p>&nbsp;<\/p>\n<p>&nbsp;<\/p>\n<p>&nbsp;<\/p>\n","protected":false},"excerpt":{"rendered":"<p>A sz\u00fcnet el\u0151tti utols\u00f3 napon a katolikus gyerekek W\u00e4chtern\u00e9 Lakatos \u00c1gnes hitoktat\u00f3 vezet\u00e9s\u00e9vel felid\u00e9zt\u00e9k J\u00e9zus szenved\u00e9s\u00e9nek, kereszt\u00fatj\u00e1nak t\u00f6rt\u00e9n\u00e9seit. A kemenesmagasi katolikus templomban egy\u00fctt im\u00e1dkoztak \u00e9s \u00e9nekeltek kicsik \u00e9s nagyok. &#8222;Kereszt\u00faton k\u00f6vet\u00fcnk, J\u00e9zus T\u00e9ged szeret\u00fcnk! Szenved\u00e9sed \u00e9gi jel, \u00edgy jutunk a mennybe fel!&#8221; A szertart\u00e1s v\u00e9g\u00e9n a r\u00e9sztvev\u0151k a felt\u00e1mad\u00e1s \u00f6r\u00f6m\u00e9ben gazdag, \u00e1ldott \u00fcnnepet k\u00edv\u00e1ntak egym\u00e1snak&#8230;.<\/p>\n<p class=\"more-link-wrap\"><a href=\"https:\/\/xn--kemenesmagasiltalnosiskola-hfce.hu\/index.php\/2022\/04\/15\/keresztuti-ajtatossagon-vettek-reszt-a-katolikus-hittanos-gyerekek\/\" class=\"more-link\">Tov\u00e1bb<span class=\"screen-reader-text\"> &ldquo;Kereszt\u00fati \u00e1jtatoss\u00e1gon vettek r\u00e9szt a katolikus hittanos gyerekek&rdquo;<\/span> &raquo;<\/a><\/p>\n","protected":false},"author":1,"featured_media":1275,"comment_status":"closed","ping_status":"open","sticky":false,"template":"","format":"standard","meta":{"ngg_post_thumbnail":0,"footnotes":""},"categories":[1],"tags":[],"class_list":["post-1268","post","type-post","status-publish","format-standard","has-post-thumbnail","hentry","category-uncategorized"],"jetpack_featured_media_url":"https:\/\/xn--kemenesmagasiltalnosiskola-hfce.hu\/wp-content\/uploads\/2022\/04\/20220413_135921-scaled.jpg","_links":{"self":[{"href":"https:\/\/xn--kemenesmagasiltalnosiskola-hfce.hu\/index.php\/wp-json\/wp\/v2\/posts\/1268","targetHints":{"allow":["GET"]}}],"collection":[{"href":"https:\/\/xn--kemenesmagasiltalnosiskola-hfce.hu\/index.php\/wp-json\/wp\/v2\/posts"}],"about":[{"href":"https:\/\/xn--kemenesmagasiltalnosiskola-hfce.hu\/index.php\/wp-json\/wp\/v2\/types\/post"}],"author":[{"embeddable":true,"href":"https:\/\/xn--kemenesmagasiltalnosiskola-hfce.hu\/index.php\/wp-json\/wp\/v2\/users\/1"}],"replies":[{"embeddable":true,"href":"https:\/\/xn--kemenesmagasiltalnosiskola-hfce.hu\/index.php\/wp-json\/wp\/v2\/comments?post=1268"}],"version-history":[{"count":4,"href":"https:\/\/xn--kemenesmagasiltalnosiskola-hfce.hu\/index.php\/wp-json\/wp\/v2\/posts\/1268\/revisions"}],"predecessor-version":[{"id":1296,"href":"https:\/\/xn--kemenesmagasiltalnosiskola-hfce.hu\/index.php\/wp-json\/wp\/v2\/posts\/1268\/revisions\/1296"}],"wp:featuredmedia":[{"embeddable":true,"href":"https:\/\/xn--kemenesmagasiltalnosiskola-hfce.hu\/index.php\/wp-json\/wp\/v2\/media\/1275"}],"wp:attachment":[{"href":"https:\/\/xn--kemenesmagasiltalnosiskola-hfce.hu\/index.php\/wp-json\/wp\/v2\/media?parent=1268"}],"wp:term":[{"taxonomy":"category","embeddable":true,"href":"https:\/\/xn--kemenesmagasiltalnosiskola-hfce.hu\/index.php\/wp-json\/wp\/v2\/categories?post=1268"},{"taxonomy":"post_tag","embeddable":true,"href":"https:\/\/xn--kemenesmagasiltalnosiskola-hfce.hu\/index.php\/wp-json\/wp\/v2\/tags?post=1268"}],"curies":[{"name":"wp","href":"https:\/\/api.w.org\/{rel}","templated":true}]}}